{"id":6891,"date":"2025-03-06T11:39:56","date_gmt":"2025-03-06T10:39:56","guid":{"rendered":"https:\/\/www.hotel-simplon-lyon.com\/plaza-carnot-un-testigo-de-la-historia-de-lyon-que-merece-la-pena-visitar\/"},"modified":"2026-04-17T15:43:44","modified_gmt":"2026-04-17T13:43:44","slug":"plaza-carnot-un-testigo-de-la-historia-de-lyon-que-merece-la-pena-visitar","status":"publish","type":"post","link":"https:\/\/www.hotel-simplon-lyon.com\/es\/barrio-lyon-perrache\/plaza-carnot-un-testigo-de-la-historia-de-lyon-que-merece-la-pena-visitar\/","title":{"rendered":"Plaza Carnot: un testigo de la historia de Lyon que merece la pena visitar"},"content":{"rendered":"\n<section class=\"heading wp-elements-a17e20475ee645e0405b611e113cf321 wp-elements-a17e20475ee645e0405b611e113cf321 wp-block-acf-heading has-text-color has-primary-color has-background has-white-100-background-color\">\n\t<div class=\"heading__container\">\n\t\t\t\t\t<div class=\"heading__background-picture\">\n\t\t\t\t<img decoding=\"async\" width=\"1620\" height=\"1080\" src=\"https:\/\/www.hotel-simplon-lyon.com\/wp-content\/uploads\/sites\/6\/2025\/05\/hotel-de-charme-3-etoiles-lyon01.jpg\" class=\"attachment-full size-full\" alt=\"hotel de charme 3 etoiles lyon01\" fetchpriority=\"high\" srcset=\"https:\/\/www.hotel-simplon-lyon.com\/wp-content\/uploads\/sites\/6\/2025\/05\/hotel-de-charme-3-etoiles-lyon01.jpg 1620w, https:\/\/www.hotel-simplon-lyon.com\/wp-content\/uploads\/sites\/6\/2025\/05\/hotel-de-charme-3-etoiles-lyon01-600x400.jpg 600w, https:\/\/www.hotel-simplon-lyon.com\/wp-content\/uploads\/sites\/6\/2025\/05\/hotel-de-charme-3-etoiles-lyon01-1400x933.jpg 1400w, https:\/\/www.hotel-simplon-lyon.com\/wp-content\/uploads\/sites\/6\/2025\/05\/hotel-de-charme-3-etoiles-lyon01-768x512.jpg 768w, https:\/\/www.hotel-simplon-lyon.com\/wp-content\/uploads\/sites\/6\/2025\/05\/hotel-de-charme-3-etoiles-lyon01-1536x1024.jpg 1536w\" sizes=\"(max-width: 1620px) 100vw, 1620px\" \/>\t\t\t<\/div>\n\t\t\t\t<div class=\"heading__layout\">\n\t\t\t<div class=\"heading__content-wrapper has-white-100-background-color\">\n\t\t\t\t<div class=\"heading__content has-white-100-background-color\">\n\t\t\t\t\t\t\t\t\t<p id=\"breadcrumbs\"><span><span><a href=\"https:\/\/www.hotel-simplon-lyon.com\/es\/inicio\/\">Accueil<\/a><\/span><\/span><\/p>\t\t\t\t\t\t\t\t\t<div class=\"acf-innerblocks-container\">\n\n<div class=\"wp-block-group heading-content-group is-layout-grid wp-container-core-group-is-layout-96b258e4 wp-block-group-is-layout-grid\">\n<h1 class=\"wp-block-heading has-text-align-left heading__title has-primary-color has-text-color has-xx-large-font-size\">Plaza Carnot: un testigo de la historia de Lyon que merece la pena visitar<\/h1>\n<\/div>\n\n<\/div>\n\t\t\t\t<\/div>\n\t\t\t\t\t\t\t<\/div>\n\t\t<\/div>\n\t<\/div>\n<\/section>\n\n\n\t<section\n\t\tstyle=\"padding-top:var(--wp--preset--spacing--theme-default);padding-bottom:var(--wp--preset--spacing--theme-default);\" class=\"block-container align wp-block-acf-block-container has-background has-white-background-color has-global-padding is-layout-constrained wp-block-acf-block-container-is-layout-constrained\"\t>\n\n\t\n\n<div class=\"wp-block-group is-layout-flow wp-block-group-is-layout-flow\">\n<p>La plaza Carnot, en el distrito 2 de Lyon, es una verdadera encrucijada de historia y vida urbana. Enclavada entre la estaci\u00f3n de Perrache y el animado barrio de Ainay, esta plaza es una visita obligada tanto para los lugare\u00f1os como para los visitantes.<\/p>\n<\/div>\n\n\n\n<\/section>\n\n\t<section\n\t\tstyle=\"padding-top:var(--wp--preset--spacing--theme-default);padding-bottom:var(--wp--preset--spacing--theme-default);\" class=\"double-columns wp-block-acf-double-columns has-background has-white-100-background-color has-global-padding is-layout-constrained wp-container-acf-double-columns-is-layout-a22d0bdd wp-block-acf-double-columns-is-layout-constrained\"\t>\n\n<div class=\"double-columns__innerblocks\">\n\n<div class=\"wp-block-group is-vertical is-content-justification-stretch is-layout-flex wp-container-core-group-is-layout-5621715d wp-block-group-is-layout-flex\">\n<h2 class=\"wp-block-heading has-text-align-center\"><strong>La historia del Lugar <\/strong><mark style=\"background-color:rgba(0, 0, 0, 0)\" class=\"has-inline-color has-secondary-color\">Carnot<\/mark><\/h2>\n\n\n\n<details class=\"wp-block-details is-grey-background is-layout-flow wp-block-details-is-layout-flow\"><summary>Ah, \u00a1la plaza Carnot! Enclavada en el coraz\u00f3n de Lyon, entre la estaci\u00f3n de Perrache y el hist\u00f3rico barrio de Ainay, esta plaza tiene m\u00e1s historias que contar que tu abuela en las cenas familiares. Anta\u00f1o un simple erial, se ha transformado a lo largo de los siglos hasta convertirse en el animado cruce de caminos que conocemos hoy.<\/summary>\n<p><\/p>\n\n\n\n<p>Retrocedamos en el tiempo: en el siglo XVIII, la plaza no era m\u00e1s que un vasto espacio sin pretensiones. Pero en el siglo XIX se construy\u00f3 la estaci\u00f3n de Perrache y la plaza empez\u00f3 a cobrar vida. Rebautizada en honor de Lazare Carnot, h\u00e9roe de la Revoluci\u00f3n Francesa y experto en defensa, se convirti\u00f3 r\u00e1pidamente en un lugar estrat\u00e9gico y simb\u00f3lico.<br\/>La plaza tambi\u00e9n ha sido testigo de tiempos m\u00e1s oscuros, sobre todo durante la Segunda Guerra Mundial, cuando vio pasar tropas y escuch\u00f3 los rumores de la \u00e9poca. Pero siempre resistente, la plaza Carnot se ha levantado y reinventado, como un ave f\u00e9nix urbana. Hoy, con sus mercadillos navide\u00f1os, sus actos festivos y sus paseantes dominicales, es la encarnaci\u00f3n misma de la animaci\u00f3n lionesa.<br\/>\u00bfY su estatua ecuestre? Erigida en honor de la Rep\u00fablica, vigila orgullosa la plaza, recordando a todos que Carnot no s\u00f3lo fue un gran estratega militar, sino tambi\u00e9n un ferviente defensor de los valores republicanos.     <\/p>\n<\/details>\n<\/div>\n\n\n\n<div class=\"wp-block-group is-layout-flow wp-block-group-is-layout-flow\">\n<figure class=\"wp-block-image size-full image-is-animate\"><img decoding=\"async\" width=\"720\" height=\"1080\" src=\"https:\/\/www.hotel-simplon-lyon.com\/wp-content\/uploads\/sites\/6\/2025\/03\/IMG_6570.jpg\" alt=\"IMG 6570\" class=\"wp-image-7002\" style=\"aspect-ratio:3\/4;object-fit:cover\" srcset=\"https:\/\/www.hotel-simplon-lyon.com\/wp-content\/uploads\/sites\/6\/2025\/03\/IMG_6570.jpg 720w, https:\/\/www.hotel-simplon-lyon.com\/wp-content\/uploads\/sites\/6\/2025\/03\/IMG_6570-400x600.jpg 400w\" sizes=\"(max-width: 720px) 100vw, 720px\" \/><\/figure>\n<\/div>\n\n<\/div>\n\n<\/section>\n\n\t<section\n\t\tstyle=\"padding-top:var(--wp--preset--spacing--theme-default);padding-bottom:var(--wp--preset--spacing--theme-default);\" class=\"double-columns double-columns-reverse_colums_mobile wp-block-acf-double-columns has-background has-white-background-color has-global-padding is-layout-constrained wp-container-acf-double-columns-is-layout-a22d0bdd wp-block-acf-double-columns-is-layout-constrained\"\t>\n\n<div class=\"double-columns__innerblocks\">\n\n<div class=\"wp-block-group is-layout-flow wp-block-group-is-layout-flow\">\n<figure class=\"wp-block-image size-full image-is-animate\"><img decoding=\"async\" width=\"720\" height=\"1080\" src=\"https:\/\/www.hotel-simplon-lyon.com\/wp-content\/uploads\/sites\/6\/2025\/03\/IMG_6624.jpg\" alt=\"IMG 6624\" class=\"wp-image-7006\" style=\"aspect-ratio:3\/4;object-fit:cover\" srcset=\"https:\/\/www.hotel-simplon-lyon.com\/wp-content\/uploads\/sites\/6\/2025\/03\/IMG_6624.jpg 720w, https:\/\/www.hotel-simplon-lyon.com\/wp-content\/uploads\/sites\/6\/2025\/03\/IMG_6624-400x600.jpg 400w\" sizes=\"(max-width: 720px) 100vw, 720px\" \/><\/figure>\n<\/div>\n\n\n\n<div class=\"wp-block-group is-vertical is-content-justification-stretch is-layout-flex wp-container-core-group-is-layout-5621715d wp-block-group-is-layout-flex\">\n<h2 class=\"wp-block-heading has-text-align-center\">Arquitectura y <mark style=\"background-color:rgba(0, 0, 0, 0)\" class=\"has-inline-color has-secondary-color\">estatua<\/mark><\/h2>\n\n\n\n<details class=\"wp-block-details is-layout-flow wp-block-details-is-layout-flow\"><summary>Los edificios que bordean la plaza Carnot son una armoniosa mezcla de estilos haussmaniano y neocl\u00e1sico. Estos elegantes edificios, con sus fachadas de piedra labrada, balcones de hierro forjado y grandes ventanales, son un recuerdo del rico pasado de Lyon. Ahora albergan hoteles, oficinas y residencias, lo que contribuye al animado ambiente de la plaza.<\/summary>\n<p><\/p>\n\n\n\n<p>En el centro de la plaza se alza la estatua de la Rep\u00fablica, erigida en 1890. Esta imponente escultura de bronce representa una figura aleg\u00f3rica de la Rep\u00fablica Francesa, sentada majestuosamente sobre un pedestal. A sus pies, dos leones simbolizan la fuerza y la vigilancia, mientras que el z\u00f3calo est\u00e1 decorado con bajorrelieves que representan escenas hist\u00f3ricas y s\u00edmbolos republicanos. Esta estatua es un homenaje a Lazare Carnot, pol\u00edtico y militar franc\u00e9s apodado el \u00abGran Carnot\u00bb.<\/p>\n\n\n\n<p>Las fuentes, con sus refrescantes chorros de agua, son populares puntos de encuentro de transe\u00fantes y familias. Otras estatuas son bustos y monumentos dedicados a diversas figuras hist\u00f3ricas de Lyon, que narran fragmentos de la historia local.<\/p>\n<\/details>\n<\/div>\n\n<\/div>\n\n<\/section>\n\n\t<section\n\t\tstyle=\"padding-top:var(--wp--preset--spacing--theme-default);padding-bottom:var(--wp--preset--spacing--theme-default);\" class=\"block-container align wp-block-acf-block-container has-background has-white-100-background-color has-global-padding is-layout-constrained wp-container-acf-block-container-is-layout-ecaf6ffa wp-block-acf-block-container-is-layout-constrained\"\t>\n\n\t\n\n<div class=\"wp-block-group has-global-padding is-layout-constrained wp-block-group-is-layout-constrained\">\n<h2 class=\"wp-block-heading has-text-align-center\" style=\"padding-top:var(--wp--preset--spacing--theme-s);padding-bottom:var(--wp--preset--spacing--theme-s)\">El mercado semanal <mark style=\"background-color:rgba(0, 0, 0, 0)\" class=\"has-inline-color has-secondary-color\">de agricultores<\/mark><\/h2>\n\n\n\n<p>El mercado semanal de la plaza Carnot es algo m\u00e1s que un lugar donde comprar. Es una experiencia envolvente en la que colores, olores y sabores se unen para crear una atm\u00f3sfera \u00fanica y vibrante.  <\/p>\n\n\n\n<p>En resumen, es una aut\u00e9ntica celebraci\u00f3n del terru\u00f1o local, donde la tradici\u00f3n se une a la cordialidad. Es el lugar ideal para llenar tu cesta de productos aut\u00e9nticos, mientras disfrutas de un ambiente c\u00e1lido y relajado.<\/p>\n<\/div>\n\n\n\n<\/section>\n\n<section class=\"content wp-block-acf-content has-background has-white-background-color\">\n\t<div class=\"content__container\">\n\t\t\t\t\t<div class=\"content__background-picture\">\n\t\t\t\t<img decoding=\"async\" width=\"1352\" height=\"1041\" src=\"https:\/\/www.hotel-simplon-lyon.com\/wp-content\/uploads\/sites\/6\/2025\/03\/IMG_1690-2.jpg\" class=\"attachment-full size-full\" alt=\"IMG 1690 2\" srcset=\"https:\/\/www.hotel-simplon-lyon.com\/wp-content\/uploads\/sites\/6\/2025\/03\/IMG_1690-2.jpg 1352w, https:\/\/www.hotel-simplon-lyon.com\/wp-content\/uploads\/sites\/6\/2025\/03\/IMG_1690-2-600x462.jpg 600w, https:\/\/www.hotel-simplon-lyon.com\/wp-content\/uploads\/sites\/6\/2025\/03\/IMG_1690-2-768x591.jpg 768w\" sizes=\"(max-width: 1352px) 100vw, 1352px\" \/>\t\t\t<\/div>\n\t\t\t\t<div class=\"content__layout\">\n\t\t\t<div class=\"content__content-wrapper has-white-background-color\">\n\t\t\t\t<div class=\"content__content has-white-background-color\">\n\t\t\t\t\t\t\t\t\t<div class=\"acf-innerblocks-container\">\n\n<div class=\"wp-block-group has-global-padding is-layout-constrained wp-block-group-is-layout-constrained\">\n<h2 class=\"wp-block-heading has-text-align-center\" style=\"padding-top:var(--wp--preset--spacing--theme-s);padding-bottom:var(--wp--preset--spacing--theme-s)\">Mercado de <mark style=\"background-color:rgba(0, 0, 0, 0)\" class=\"has-inline-color has-secondary-color\">Navidad<\/mark><\/h2>\n\n\n\n<p>Imag\u00ednate inmerso en una atm\u00f3sfera m\u00e1gica donde el esp\u00edritu de las fiestas se despliega en todo su esplendor, rodeado de chalets de madera, luces de hadas y el irresistible olor de las casta\u00f1as calientes.  <\/p>\n<\/div>\n\n<\/div>\n\t\t\t\t<\/div>\n\t\t\t\t\t\t\t<\/div>\n\t\t<\/div>\n\t<\/div>\n<\/section>\n\n\n\t<section\n\t\tstyle=\"padding-top:0;padding-bottom:var(--wp--preset--spacing--theme-default);\" class=\"block-container align wp-block-acf-block-container has-background has-white-background-color has-global-padding is-layout-constrained wp-container-acf-block-container-is-layout-b7925fb3 wp-block-acf-block-container-is-layout-constrained\"\t>\n\n\t\n\n<div class=\"wp-block-group has-global-padding is-layout-constrained wp-block-group-is-layout-constrained\">\n<section id=\"\" class=\"align wp-block-acf-faq\">\n\t\n\t\t<div class=\"faq\">\n\t\t\t\t<div class=\"faq__item\">\n\t\t\t<div class=\"faq__question\" data-index=\"0\">\n\t\t\t\t<span class=\"faq__question-text \">Chalets y casetas<\/span>\n\t\t\t<\/div>\n\t\t\t<div class=\"faq__answer\">\n\t\t\t\t<p>Los chal\u00e9s de madera bellamente decorados se alinean en pintorescas hileras, cada una de las cuales alberga tesoros artesanales y delicias gourmet. Encontrar\u00e1s art\u00edculos artesanales perfectos para hacer regalos \u00fanicos: joyas, adornos navide\u00f1os, juguetes de madera y mucho m\u00e1s. Los artesanos y dise\u00f1adores locales muestran sus habilidades con pasi\u00f3n y creatividad.<\/p>\n\t\t\t<\/div>\n\t\t\t<svg class=\"faq__toggle-icon\" xmlns=\"http:\/\/www.w3.org\/2000\/svg\" width=\"16\" height=\"10\" viewBox=\"0 0 16 10\"\n\t\t\t\tfill=\"none\">\n\t\t\t\t<path d=\"M15 1L8 8L1 0.999999\" stroke=\"#3C3B3A\" stroke-width=\"2\" \/>\n\t\t\t<\/svg>\n\t\t<\/div>\n\t\t\t\t<div class=\"faq__item\">\n\t\t\t<div class=\"faq__question\" data-index=\"1\">\n\t\t\t\t<span class=\"faq__question-text \">Delicias gourmet<\/span>\n\t\t\t<\/div>\n\t\t\t<div class=\"faq__answer\">\n\t\t\t\t<p>\u00a1Prep\u00e1rate para una explosi\u00f3n de sabores! El mercado navide\u00f1o est\u00e1 repleto de puestos de comida donde podr\u00e1s degustar especialidades locales y alimentos festivos: vino caliente especiado, tartiflette humeante, churros crujientes, pan de especias y otras delicias dulces. Es el momento perfecto para calentarte las manos y el coraz\u00f3n con una bebida caliente y unas cuantas golosinas.<\/p>\n\t\t\t<\/div>\n\t\t\t<svg class=\"faq__toggle-icon\" xmlns=\"http:\/\/www.w3.org\/2000\/svg\" width=\"16\" height=\"10\" viewBox=\"0 0 16 10\"\n\t\t\t\tfill=\"none\">\n\t\t\t\t<path d=\"M15 1L8 8L1 0.999999\" stroke=\"#3C3B3A\" stroke-width=\"2\" \/>\n\t\t\t<\/svg>\n\t\t<\/div>\n\t\t\t\t<div class=\"faq__item\">\n\t\t\t<div class=\"faq__question\" data-index=\"2\">\n\t\t\t\t<span class=\"faq__question-text \">La atm\u00f3sfera m\u00e1gica<\/span>\n\t\t\t<\/div>\n\t\t\t<div class=\"faq__answer\">\n\t\t\t\t<p>El ambiente es sencillamente m\u00e1gico. Las luces titilan por todas partes, creando una atm\u00f3sfera c\u00e1lida y m\u00e1gica. Los villancicos resuenan en el aire, a\u00f1adiendo un toque musical a esta encantadora experiencia. Los artistas callejeros y los espect\u00e1culos navide\u00f1os animan la plaza, aportando a\u00fan m\u00e1s alegr\u00eda y regocijo.<\/p>\n\t\t\t<\/div>\n\t\t\t<svg class=\"faq__toggle-icon\" xmlns=\"http:\/\/www.w3.org\/2000\/svg\" width=\"16\" height=\"10\" viewBox=\"0 0 16 10\"\n\t\t\t\tfill=\"none\">\n\t\t\t\t<path d=\"M15 1L8 8L1 0.999999\" stroke=\"#3C3B3A\" stroke-width=\"2\" \/>\n\t\t\t<\/svg>\n\t\t<\/div>\n\t\t\t\t<div class=\"faq__item\">\n\t\t\t<div class=\"faq__question\" data-index=\"3\">\n\t\t\t\t<span class=\"faq__question-text \">Entretenimiento y actividades<\/span>\n\t\t\t<\/div>\n\t\t\t<div class=\"faq__answer\">\n\t\t\t\t<p>El mercado de Navidad es un para\u00edso para los ni\u00f1os. Entre la visita de Pap\u00e1 Noel, los tiovivos y los talleres creativos, los m\u00e1s peque\u00f1os no sabr\u00e1n d\u00f3nde meterse. El programa tambi\u00e9n incluye espect\u00e1culos de marionetas y cuentos de Navidad, que cautivar\u00e1n la imaginaci\u00f3n de peque\u00f1os y mayores.<\/p>\n\t\t\t<\/div>\n\t\t\t<svg class=\"faq__toggle-icon\" xmlns=\"http:\/\/www.w3.org\/2000\/svg\" width=\"16\" height=\"10\" viewBox=\"0 0 16 10\"\n\t\t\t\tfill=\"none\">\n\t\t\t\t<path d=\"M15 1L8 8L1 0.999999\" stroke=\"#3C3B3A\" stroke-width=\"2\" \/>\n\t\t\t<\/svg>\n\t\t<\/div>\n\t\t\t\t<div class=\"faq__item\">\n\t\t\t<div class=\"faq__question\" data-index=\"4\">\n\t\t\t\t<span class=\"faq__question-text \">Manualidades y regalos<\/span>\n\t\t\t<\/div>\n\t\t\t<div class=\"faq__answer\">\n\t\t\t\t<p>Tambi\u00e9n es el lugar perfecto para encontrar regalos de Navidad \u00fanicos y originales. Desde velas perfumadas y bufandas de punto hasta cer\u00e1mica y jabones hechos a mano, estos productos artesanales son una delicia para regalar o darse un capricho.<\/p>\n\t\t\t<\/div>\n\t\t\t<svg class=\"faq__toggle-icon\" xmlns=\"http:\/\/www.w3.org\/2000\/svg\" width=\"16\" height=\"10\" viewBox=\"0 0 16 10\"\n\t\t\t\tfill=\"none\">\n\t\t\t\t<path d=\"M15 1L8 8L1 0.999999\" stroke=\"#3C3B3A\" stroke-width=\"2\" \/>\n\t\t\t<\/svg>\n\t\t<\/div>\n\t\t\t<\/div>\n\t\t<\/section>\n<\/div>\n\n\n\n<\/section>\n\n\t<section\n\t\tstyle=\"padding-top:var(--wp--preset--spacing--theme-default);padding-bottom:var(--wp--preset--spacing--theme-default);\" class=\"block-container align wp-block-acf-block-container has-background has-white-100-background-color has-global-padding is-layout-constrained wp-container-acf-block-container-is-layout-d3fafd11 wp-block-acf-block-container-is-layout-constrained\"\t>\n\n\t\n\n<div class=\"wp-block-group has-global-padding is-layout-constrained wp-block-group-is-layout-constrained\">\n<figure class=\"wp-block-image aligncenter size-full is-resized\"><img decoding=\"async\" width=\"350\" height=\"350\" src=\"https:\/\/www.hotel-simplon-lyon.com\/wp-content\/uploads\/sites\/6\/2025\/04\/OURS-1.png\" alt=\"\" class=\"wp-image-2304\" style=\"width:250px\" srcset=\"https:\/\/www.hotel-simplon-lyon.com\/wp-content\/uploads\/sites\/6\/2025\/04\/OURS-1.png 350w, https:\/\/www.hotel-simplon-lyon.com\/wp-content\/uploads\/sites\/6\/2025\/04\/OURS-1-300x300.png 300w\" sizes=\"(max-width: 350px) 100vw, 350px\" \/><\/figure>\n\n\n\n<h2 class=\"wp-block-heading has-text-align-center\" style=\"padding-top:var(--wp--preset--spacing--theme-s);padding-bottom:var(--wp--preset--spacing--theme-s)\"><strong>En transporte p\u00fablico <\/strong><mark style=\"background-color:rgba(0, 0, 0, 0)\" class=\"has-inline-color has-secondary-color\">transporte p\u00fablico<\/mark><\/h2>\n\n\n\n<p class=\"has-text-align-center\">Lyon dispone de una red de transporte p\u00fablico eficaz y bien comunicada:<\/p>\n\n\n\n<section id=\"\" class=\"align wp-block-acf-faq\">\n\t\n\t\t<div class=\"faq\">\n\t\t\t\t<div class=\"faq__item\">\n\t\t\t<div class=\"faq__question\" data-index=\"0\">\n\t\t\t\t<span class=\"faq__question-text \">Metro<\/span>\n\t\t\t<\/div>\n\t\t\t<div class=\"faq__answer\">\n\t\t\t\t<p>La l\u00ednea A del metro te lleva a la estaci\u00f3n de Perrache, que est\u00e1 justo al lado de la plaza Carnot. Es la forma m\u00e1s r\u00e1pida y directa si ya est\u00e1s en el centro de Lyon.<\/p>\n\t\t\t<\/div>\n\t\t\t<svg class=\"faq__toggle-icon\" xmlns=\"http:\/\/www.w3.org\/2000\/svg\" width=\"16\" height=\"10\" viewBox=\"0 0 16 10\"\n\t\t\t\tfill=\"none\">\n\t\t\t\t<path d=\"M15 1L8 8L1 0.999999\" stroke=\"#3C3B3A\" stroke-width=\"2\" \/>\n\t\t\t<\/svg>\n\t\t<\/div>\n\t\t\t\t<div class=\"faq__item\">\n\t\t\t<div class=\"faq__question\" data-index=\"1\">\n\t\t\t\t<span class=\"faq__question-text \">Tranv\u00eda<\/span>\n\t\t\t<\/div>\n\t\t\t<div class=\"faq__answer\">\n\t\t\t\t<p>Las l\u00edneas de tranv\u00eda T1 y T2 tambi\u00e9n paran en Perrache. Si vienes de la Presqu&#8217;\u00eele o de otras partes de Lyon, el tranv\u00eda es una opci\u00f3n pr\u00e1ctica y agradable.<\/p>\n\t\t\t<\/div>\n\t\t\t<svg class=\"faq__toggle-icon\" xmlns=\"http:\/\/www.w3.org\/2000\/svg\" width=\"16\" height=\"10\" viewBox=\"0 0 16 10\"\n\t\t\t\tfill=\"none\">\n\t\t\t\t<path d=\"M15 1L8 8L1 0.999999\" stroke=\"#3C3B3A\" stroke-width=\"2\" \/>\n\t\t\t<\/svg>\n\t\t<\/div>\n\t\t\t\t<div class=\"faq__item\">\n\t\t\t<div class=\"faq__question\" data-index=\"2\">\n\t\t\t\t<span class=\"faq__question-text \">Autob\u00fas<\/span>\n\t\t\t<\/div>\n\t\t\t<div class=\"faq__answer\">\n\t\t\t\t<p>Varias l\u00edneas de autob\u00fas llegan a la plaza Carnot y a la estaci\u00f3n de Perrache. Las l\u00edneas C19, C20 y 63 son especialmente \u00fatiles para llegar a este destino.<\/p>\n\t\t\t<\/div>\n\t\t\t<svg class=\"faq__toggle-icon\" xmlns=\"http:\/\/www.w3.org\/2000\/svg\" width=\"16\" height=\"10\" viewBox=\"0 0 16 10\"\n\t\t\t\tfill=\"none\">\n\t\t\t\t<path d=\"M15 1L8 8L1 0.999999\" stroke=\"#3C3B3A\" stroke-width=\"2\" \/>\n\t\t\t<\/svg>\n\t\t<\/div>\n\t\t\t\t<div class=\"faq__item\">\n\t\t\t<div class=\"faq__question\" data-index=\"3\">\n\t\t\t\t<span class=\"faq__question-text \">En bicicleta<\/span>\n\t\t\t<\/div>\n\t\t\t<div class=\"faq__answer\">\n\t\t\t\t<p>Lyon es una gran ciudad para ir en bicicleta, con muchos carriles bici espec\u00edficos. Puedes utilizar el servicio de alquiler de bicicletas en autoservicio V\u00e9lo&#8217;v, con varias estaciones disponibles en los alrededores de la plaza Carnot y en el barrio de Perrache. Pedalear es una forma ecol\u00f3gica y agradable de descubrir la ciudad mientras llegas a la plaza.<\/p>\n\t\t\t<\/div>\n\t\t\t<svg class=\"faq__toggle-icon\" xmlns=\"http:\/\/www.w3.org\/2000\/svg\" width=\"16\" height=\"10\" viewBox=\"0 0 16 10\"\n\t\t\t\tfill=\"none\">\n\t\t\t\t<path d=\"M15 1L8 8L1 0.999999\" stroke=\"#3C3B3A\" stroke-width=\"2\" \/>\n\t\t\t<\/svg>\n\t\t<\/div>\n\t\t\t\t<div class=\"faq__item\">\n\t\t\t<div class=\"faq__question\" data-index=\"4\">\n\t\t\t\t<span class=\"faq__question-text \">A pie<\/span>\n\t\t\t<\/div>\n\t\t\t<div class=\"faq__answer\">\n\t\t\t\t<p>Si ya est\u00e1s en el centro de Lyon, ir andando a la plaza Carnot es una buena opci\u00f3n. Desde la plaza Bellecour, s\u00f3lo hay 10 minutos a pie hasta la plaza Carnot por la calle Victor Hugo, una encantadora calle peatonal repleta de tiendas y caf\u00e9s.<\/p>\n\t\t\t<\/div>\n\t\t\t<svg class=\"faq__toggle-icon\" xmlns=\"http:\/\/www.w3.org\/2000\/svg\" width=\"16\" height=\"10\" viewBox=\"0 0 16 10\"\n\t\t\t\tfill=\"none\">\n\t\t\t\t<path d=\"M15 1L8 8L1 0.999999\" stroke=\"#3C3B3A\" stroke-width=\"2\" \/>\n\t\t\t<\/svg>\n\t\t<\/div>\n\t\t\t\t<div class=\"faq__item\">\n\t\t\t<div class=\"faq__question\" data-index=\"5\">\n\t\t\t\t<span class=\"faq__question-text \">En coche<\/span>\n\t\t\t<\/div>\n\t\t\t<div class=\"faq__answer\">\n\t\t\t\t<p>Si prefieres venir en coche, la plaza Carnot est\u00e1 bien comunicada por las principales carreteras. Hay aparcamientos cercanos, como el de la estaci\u00f3n de Perrache y el del centro comercial Confluence, a pocos minutos a pie. Sin embargo, ten en cuenta que el centro de Lyon puede estar bastante concurrido y encontrar aparcamiento a veces puede llevar tiempo.<\/p>\n\t\t\t<\/div>\n\t\t\t<svg class=\"faq__toggle-icon\" xmlns=\"http:\/\/www.w3.org\/2000\/svg\" width=\"16\" height=\"10\" viewBox=\"0 0 16 10\"\n\t\t\t\tfill=\"none\">\n\t\t\t\t<path d=\"M15 1L8 8L1 0.999999\" stroke=\"#3C3B3A\" stroke-width=\"2\" \/>\n\t\t\t<\/svg>\n\t\t<\/div>\n\t\t\t\t<div class=\"faq__item\">\n\t\t\t<div class=\"faq__question\" data-index=\"6\">\n\t\t\t\t<span class=\"faq__question-text \">En taxi o VTC<\/span>\n\t\t\t<\/div>\n\t\t\t<div class=\"faq__answer\">\n\t\t\t\t<p>Por \u00faltimo, los taxis y los servicios VTC (como Uber) son una opci\u00f3n c\u00f3moda para llegar a la plaza Carnot.  <\/p>\n\t\t\t<\/div>\n\t\t\t<svg class=\"faq__toggle-icon\" xmlns=\"http:\/\/www.w3.org\/2000\/svg\" width=\"16\" height=\"10\" viewBox=\"0 0 16 10\"\n\t\t\t\tfill=\"none\">\n\t\t\t\t<path d=\"M15 1L8 8L1 0.999999\" stroke=\"#3C3B3A\" stroke-width=\"2\" \/>\n\t\t\t<\/svg>\n\t\t<\/div>\n\t\t\t<\/div>\n\t\t<\/section>\n<\/div>\n\n\n\n<\/section>\n\n\t<section\n\t\tstyle=\"padding-top:0%;padding-bottom:0%;\" class=\"block-container align wp-block-acf-block-container has-background has-white-background-color has-global-padding is-layout-constrained wp-container-acf-block-container-is-layout-4eed1cba wp-block-acf-block-container-is-layout-constrained\"\t>\n\n\t\n\n<div class=\"wp-block-group has-global-padding is-layout-constrained wp-container-core-group-is-layout-2dcfafcc wp-block-group-is-layout-constrained\" style=\"padding-top:var(--wp--preset--spacing--theme-default);padding-right:0;padding-bottom:var(--wp--preset--spacing--theme-default);padding-left:0\">\n<h3 class=\"wp-block-heading has-text-align-center\">\u00bfQuieres visitar otras zonas de Lyon Perrache? He aqu\u00ed nuestra selecci\u00f3n de lugares, tiendas y especialidades imprescindibles.<\/h3>\n\n\n\n<div class=\"wp-block-buttons is-content-justification-center is-layout-flex wp-container-core-buttons-is-layout-a89b3969 wp-block-buttons-is-layout-flex\">\n<div class=\"wp-block-button is-style-label-button is-style-label-button--1\"><a class=\"wp-block-button__link wp-element-button\" href=\"https:\/\/www.hotel-simplon-lyon.com\/es\/barrio-lyon-perrache\/\">Visitar Lyon Perrache<\/a><\/div>\n<\/div>\n<\/div>\n\n\n\n<\/section>\n\n<div class=\"wp-block-group has-white-100-background-color has-background is-content-justification-space-between is-nowrap is-layout-flex wp-container-core-group-is-layout-098ab513 wp-block-group-is-layout-flex\" style=\"padding-top:var(--wp--preset--spacing--theme-m);padding-right:var(--wp--preset--spacing--theme-s);padding-bottom:var(--wp--preset--spacing--theme-m);padding-left:var(--wp--preset--spacing--theme-s)\">\n\n<\/div>\n","protected":false},"excerpt":{"rendered":"<p>A dos pasos de Perrache, la plaza Carnot destila la dulzura de Lyon. Mercados, terrazas, pl\u00e1tanos centenarios&#8230; Es un lugar en el que a la gente le gusta entretenerse tomando un caf\u00e9 o un brioche de pralin\u00e9. Es un lugar que invita a tomarse un respiro, un rinconcito del distrito donde la ciudad se ralentiza lo justo.  <\/p>\n","protected":false},"author":2,"featured_media":4383,"comment_status":"open","ping_status":"open","sticky":false,"template":"","format":"standard","meta":{"_acf_changed":false,"inline_featured_image":false,"footnotes":""},"categories":[36],"tags":[],"class_list":["post-6891","post","type-post","status-publish","format-standard","has-post-thumbnail","hentry","category-visitas-culturales"],"acf":[],"yoast_head":"<!-- This site is optimized with the Yoast SEO plugin v27.4 - https:\/\/yoast.com\/product\/yoast-seo-wordpress\/ -->\n<title>Plaza Carnot: un testigo de la historia de Lyon que merece la pena visitar - Le Simplon<\/title>\n<meta name=\"description\" content=\"Hotel Simplon - Plaza Carnot: un testigo de la historia de Lyon que merece la pena visitar . A dos pasos de Perrache, la plaza Carnot destila la dulzura de Lyon. Mercados, terrazas, pl\u00e1tanos centenarios... Es un lugar en el que a la gente le gusta entretenerse tomando un caf\u00e9 o un brioche de pralin\u00e9. Es un lugar que invita a tomarse un respiro, un rinconcito del distrito donde la ciudad se ralentiza lo justo.\" \/>\n<meta name=\"robots\" content=\"index, follow, max-snippet:-1, max-image-preview:large, max-video-preview:-1\" \/>\n<link rel=\"canonical\" href=\"https:\/\/www.hotel-simplon-lyon.com\/es\/barrio-lyon-perrache\/plaza-carnot-un-testigo-de-la-historia-de-lyon-que-merece-la-pena-visitar\/\" \/>\n<meta property=\"og:locale\" content=\"es_ES\" \/>\n<meta property=\"og:type\" content=\"article\" \/>\n<meta property=\"og:title\" content=\"Plaza Carnot: un testigo de la historia de Lyon que merece la pena visitar - Le Simplon\" \/>\n<meta property=\"og:description\" content=\"Hotel Simplon - Plaza Carnot: un testigo de la historia de Lyon que merece la pena visitar . A dos pasos de Perrache, la plaza Carnot destila la dulzura de Lyon. Mercados, terrazas, pl\u00e1tanos centenarios... Es un lugar en el que a la gente le gusta entretenerse tomando un caf\u00e9 o un brioche de pralin\u00e9. Es un lugar que invita a tomarse un respiro, un rinconcito del distrito donde la ciudad se ralentiza lo justo.\" \/>\n<meta property=\"og:url\" content=\"https:\/\/www.hotel-simplon-lyon.com\/es\/barrio-lyon-perrache\/plaza-carnot-un-testigo-de-la-historia-de-lyon-que-merece-la-pena-visitar\/\" \/>\n<meta property=\"og:site_name\" content=\"Le Simplon\" \/>\n<meta property=\"article:published_time\" content=\"2025-03-06T10:39:56+00:00\" \/>\n<meta property=\"article:modified_time\" content=\"2026-04-17T13:43:44+00:00\" \/>\n<meta property=\"og:image\" content=\"https:\/\/www.hotel-simplon-lyon.com\/wp-content\/uploads\/sites\/6\/2025\/03\/Evalqt_1806.jpg\" \/>\n\t<meta property=\"og:image:width\" content=\"1365\" \/>\n\t<meta property=\"og:image:height\" content=\"2048\" \/>\n\t<meta property=\"og:image:type\" content=\"image\/jpeg\" \/>\n<meta name=\"author\" content=\"flachize\" \/>\n<meta name=\"twitter:card\" content=\"summary_large_image\" \/>\n<meta name=\"twitter:label1\" content=\"Escrito por\" \/>\n\t<meta name=\"twitter:data1\" content=\"flachize\" \/>\n\t<meta name=\"twitter:label2\" content=\"Tiempo de lectura\" \/>\n\t<meta name=\"twitter:data2\" content=\"3 minuto\" \/>\n<script type=\"application\/ld+json\" class=\"yoast-schema-graph\">{\"@context\":\"https:\\\/\\\/schema.org\",\"@graph\":[{\"@type\":\"Article\",\"@id\":\"https:\\\/\\\/www.hotel-simplon-lyon.com\\\/es\\\/barrio-lyon-perrache\\\/plaza-carnot-un-testigo-de-la-historia-de-lyon-que-merece-la-pena-visitar\\\/#article\",\"isPartOf\":{\"@id\":\"https:\\\/\\\/www.hotel-simplon-lyon.com\\\/es\\\/barrio-lyon-perrache\\\/plaza-carnot-un-testigo-de-la-historia-de-lyon-que-merece-la-pena-visitar\\\/\"},\"author\":{\"name\":\"flachize\",\"@id\":\"https:\\\/\\\/www.hotel-simplon-lyon.com\\\/es\\\/#\\\/schema\\\/person\\\/b3c9e279ff8ec8845926b6b9f54fbdb9\"},\"headline\":\"Plaza Carnot: un testigo de la historia de Lyon que merece la pena visitar\",\"datePublished\":\"2025-03-06T10:39:56+00:00\",\"dateModified\":\"2026-04-17T13:43:44+00:00\",\"mainEntityOfPage\":{\"@id\":\"https:\\\/\\\/www.hotel-simplon-lyon.com\\\/es\\\/barrio-lyon-perrache\\\/plaza-carnot-un-testigo-de-la-historia-de-lyon-que-merece-la-pena-visitar\\\/\"},\"wordCount\":666,\"commentCount\":0,\"publisher\":{\"@id\":\"https:\\\/\\\/www.hotel-simplon-lyon.com\\\/es\\\/#organization\"},\"image\":{\"@id\":\"https:\\\/\\\/www.hotel-simplon-lyon.com\\\/es\\\/barrio-lyon-perrache\\\/plaza-carnot-un-testigo-de-la-historia-de-lyon-que-merece-la-pena-visitar\\\/#primaryimage\"},\"thumbnailUrl\":\"https:\\\/\\\/www.hotel-simplon-lyon.com\\\/wp-content\\\/uploads\\\/sites\\\/6\\\/2025\\\/03\\\/Evalqt_1806.jpg\",\"articleSection\":[\"Visita cultural\"],\"inLanguage\":\"es\",\"potentialAction\":[{\"@type\":\"CommentAction\",\"name\":\"Comment\",\"target\":[\"https:\\\/\\\/www.hotel-simplon-lyon.com\\\/es\\\/barrio-lyon-perrache\\\/plaza-carnot-un-testigo-de-la-historia-de-lyon-que-merece-la-pena-visitar\\\/#respond\"]}]},{\"@type\":\"WebPage\",\"@id\":\"https:\\\/\\\/www.hotel-simplon-lyon.com\\\/es\\\/barrio-lyon-perrache\\\/plaza-carnot-un-testigo-de-la-historia-de-lyon-que-merece-la-pena-visitar\\\/\",\"url\":\"https:\\\/\\\/www.hotel-simplon-lyon.com\\\/es\\\/barrio-lyon-perrache\\\/plaza-carnot-un-testigo-de-la-historia-de-lyon-que-merece-la-pena-visitar\\\/\",\"name\":\"Plaza Carnot: un testigo de la historia de Lyon que merece la pena visitar - Le Simplon\",\"isPartOf\":{\"@id\":\"https:\\\/\\\/www.hotel-simplon-lyon.com\\\/es\\\/#website\"},\"primaryImageOfPage\":{\"@id\":\"https:\\\/\\\/www.hotel-simplon-lyon.com\\\/es\\\/barrio-lyon-perrache\\\/plaza-carnot-un-testigo-de-la-historia-de-lyon-que-merece-la-pena-visitar\\\/#primaryimage\"},\"image\":{\"@id\":\"https:\\\/\\\/www.hotel-simplon-lyon.com\\\/es\\\/barrio-lyon-perrache\\\/plaza-carnot-un-testigo-de-la-historia-de-lyon-que-merece-la-pena-visitar\\\/#primaryimage\"},\"thumbnailUrl\":\"https:\\\/\\\/www.hotel-simplon-lyon.com\\\/wp-content\\\/uploads\\\/sites\\\/6\\\/2025\\\/03\\\/Evalqt_1806.jpg\",\"datePublished\":\"2025-03-06T10:39:56+00:00\",\"dateModified\":\"2026-04-17T13:43:44+00:00\",\"description\":\"Hotel Simplon - Plaza Carnot: un testigo de la historia de Lyon que merece la pena visitar . A dos pasos de Perrache, la plaza Carnot destila la dulzura de Lyon. Mercados, terrazas, pl\u00e1tanos centenarios... Es un lugar en el que a la gente le gusta entretenerse tomando un caf\u00e9 o un brioche de pralin\u00e9. Es un lugar que invita a tomarse un respiro, un rinconcito del distrito donde la ciudad se ralentiza lo justo.\",\"breadcrumb\":{\"@id\":\"https:\\\/\\\/www.hotel-simplon-lyon.com\\\/es\\\/barrio-lyon-perrache\\\/plaza-carnot-un-testigo-de-la-historia-de-lyon-que-merece-la-pena-visitar\\\/#breadcrumb\"},\"inLanguage\":\"es\",\"potentialAction\":[{\"@type\":\"ReadAction\",\"target\":[\"https:\\\/\\\/www.hotel-simplon-lyon.com\\\/es\\\/barrio-lyon-perrache\\\/plaza-carnot-un-testigo-de-la-historia-de-lyon-que-merece-la-pena-visitar\\\/\"]}]},{\"@type\":\"ImageObject\",\"inLanguage\":\"es\",\"@id\":\"https:\\\/\\\/www.hotel-simplon-lyon.com\\\/es\\\/barrio-lyon-perrache\\\/plaza-carnot-un-testigo-de-la-historia-de-lyon-que-merece-la-pena-visitar\\\/#primaryimage\",\"url\":\"https:\\\/\\\/www.hotel-simplon-lyon.com\\\/wp-content\\\/uploads\\\/sites\\\/6\\\/2025\\\/03\\\/Evalqt_1806.jpg\",\"contentUrl\":\"https:\\\/\\\/www.hotel-simplon-lyon.com\\\/wp-content\\\/uploads\\\/sites\\\/6\\\/2025\\\/03\\\/Evalqt_1806.jpg\",\"width\":1365,\"height\":2048,\"caption\":\"Evalqt 1806\"},{\"@type\":\"BreadcrumbList\",\"@id\":\"https:\\\/\\\/www.hotel-simplon-lyon.com\\\/es\\\/barrio-lyon-perrache\\\/plaza-carnot-un-testigo-de-la-historia-de-lyon-que-merece-la-pena-visitar\\\/#breadcrumb\",\"itemListElement\":[{\"@type\":\"ListItem\",\"position\":1,\"name\":\"Accueil\",\"item\":\"https:\\\/\\\/www.hotel-simplon-lyon.com\\\/es\\\/inicio\\\/\"},{\"@type\":\"ListItem\",\"position\":2,\"name\":\"Visita cultural\",\"item\":\"https:\\\/\\\/www.hotel-simplon-lyon.com\\\/es\\\/le-quartier-lyon-perrache\\\/visitas-culturales\\\/\"},{\"@type\":\"ListItem\",\"position\":3,\"name\":\"Plaza Carnot: un testigo de la historia de Lyon que merece la pena visitar\"}]},{\"@type\":\"WebSite\",\"@id\":\"https:\\\/\\\/www.hotel-simplon-lyon.com\\\/es\\\/#website\",\"url\":\"https:\\\/\\\/www.hotel-simplon-lyon.com\\\/es\\\/\",\"name\":\"Globe Cecil\",\"description\":\"\",\"publisher\":{\"@id\":\"https:\\\/\\\/www.hotel-simplon-lyon.com\\\/es\\\/#organization\"},\"potentialAction\":[{\"@type\":\"SearchAction\",\"target\":{\"@type\":\"EntryPoint\",\"urlTemplate\":\"https:\\\/\\\/www.hotel-simplon-lyon.com\\\/es\\\/?s={search_term_string}\"},\"query-input\":{\"@type\":\"PropertyValueSpecification\",\"valueRequired\":true,\"valueName\":\"search_term_string\"}}],\"inLanguage\":\"es\"},{\"@type\":\"Organization\",\"@id\":\"https:\\\/\\\/www.hotel-simplon-lyon.com\\\/es\\\/#organization\",\"name\":\"Globe Cecil\",\"url\":\"https:\\\/\\\/www.hotel-simplon-lyon.com\\\/es\\\/\",\"logo\":{\"@type\":\"ImageObject\",\"inLanguage\":\"es\",\"@id\":\"https:\\\/\\\/www.hotel-simplon-lyon.com\\\/es\\\/#\\\/schema\\\/logo\\\/image\\\/\",\"url\":\"https:\\\/\\\/www.hotel-simplon-lyon.com\\\/wp-content\\\/uploads\\\/sites\\\/6\\\/2025\\\/05\\\/LOGO-Simplon-White.svg\",\"contentUrl\":\"https:\\\/\\\/www.hotel-simplon-lyon.com\\\/wp-content\\\/uploads\\\/sites\\\/6\\\/2025\\\/05\\\/LOGO-Simplon-White.svg\",\"width\":409,\"height\":52,\"caption\":\"Globe Cecil\"},\"image\":{\"@id\":\"https:\\\/\\\/www.hotel-simplon-lyon.com\\\/es\\\/#\\\/schema\\\/logo\\\/image\\\/\"}},{\"@type\":\"Person\",\"@id\":\"https:\\\/\\\/www.hotel-simplon-lyon.com\\\/es\\\/#\\\/schema\\\/person\\\/b3c9e279ff8ec8845926b6b9f54fbdb9\",\"name\":\"flachize\",\"image\":{\"@type\":\"ImageObject\",\"inLanguage\":\"es\",\"@id\":\"https:\\\/\\\/secure.gravatar.com\\\/avatar\\\/24f0361cf67c21d4fae1db71b0897ec099d5f1fe2ef60420e3cd59b175a66e40?s=96&d=mm&r=g\",\"url\":\"https:\\\/\\\/secure.gravatar.com\\\/avatar\\\/24f0361cf67c21d4fae1db71b0897ec099d5f1fe2ef60420e3cd59b175a66e40?s=96&d=mm&r=g\",\"contentUrl\":\"https:\\\/\\\/secure.gravatar.com\\\/avatar\\\/24f0361cf67c21d4fae1db71b0897ec099d5f1fe2ef60420e3cd59b175a66e40?s=96&d=mm&r=g\",\"caption\":\"flachize\"},\"url\":\"https:\\\/\\\/www.hotel-simplon-lyon.com\\\/es\\\/author\\\/flachize\\\/\"}]}<\/script>\n<!-- \/ Yoast SEO plugin. -->","yoast_head_json":{"title":"Plaza Carnot: un testigo de la historia de Lyon que merece la pena visitar - Le Simplon","description":"Hotel Simplon - Plaza Carnot: un testigo de la historia de Lyon que merece la pena visitar . A dos pasos de Perrache, la plaza Carnot destila la dulzura de Lyon. Mercados, terrazas, pl\u00e1tanos centenarios... Es un lugar en el que a la gente le gusta entretenerse tomando un caf\u00e9 o un brioche de pralin\u00e9. Es un lugar que invita a tomarse un respiro, un rinconcito del distrito donde la ciudad se ralentiza lo justo.","robots":{"index":"index","follow":"follow","max-snippet":"max-snippet:-1","max-image-preview":"max-image-preview:large","max-video-preview":"max-video-preview:-1"},"canonical":"https:\/\/www.hotel-simplon-lyon.com\/es\/barrio-lyon-perrache\/plaza-carnot-un-testigo-de-la-historia-de-lyon-que-merece-la-pena-visitar\/","og_locale":"es_ES","og_type":"article","og_title":"Plaza Carnot: un testigo de la historia de Lyon que merece la pena visitar - Le Simplon","og_description":"Hotel Simplon - Plaza Carnot: un testigo de la historia de Lyon que merece la pena visitar . A dos pasos de Perrache, la plaza Carnot destila la dulzura de Lyon. Mercados, terrazas, pl\u00e1tanos centenarios... Es un lugar en el que a la gente le gusta entretenerse tomando un caf\u00e9 o un brioche de pralin\u00e9. Es un lugar que invita a tomarse un respiro, un rinconcito del distrito donde la ciudad se ralentiza lo justo.","og_url":"https:\/\/www.hotel-simplon-lyon.com\/es\/barrio-lyon-perrache\/plaza-carnot-un-testigo-de-la-historia-de-lyon-que-merece-la-pena-visitar\/","og_site_name":"Le Simplon","article_published_time":"2025-03-06T10:39:56+00:00","article_modified_time":"2026-04-17T13:43:44+00:00","og_image":[{"width":1365,"height":2048,"url":"https:\/\/www.hotel-simplon-lyon.com\/wp-content\/uploads\/sites\/6\/2025\/03\/Evalqt_1806.jpg","type":"image\/jpeg"}],"author":"flachize","twitter_card":"summary_large_image","twitter_misc":{"Escrito por":"flachize","Tiempo de lectura":"3 minuto"},"schema":{"@context":"https:\/\/schema.org","@graph":[{"@type":"Article","@id":"https:\/\/www.hotel-simplon-lyon.com\/es\/barrio-lyon-perrache\/plaza-carnot-un-testigo-de-la-historia-de-lyon-que-merece-la-pena-visitar\/#article","isPartOf":{"@id":"https:\/\/www.hotel-simplon-lyon.com\/es\/barrio-lyon-perrache\/plaza-carnot-un-testigo-de-la-historia-de-lyon-que-merece-la-pena-visitar\/"},"author":{"name":"flachize","@id":"https:\/\/www.hotel-simplon-lyon.com\/es\/#\/schema\/person\/b3c9e279ff8ec8845926b6b9f54fbdb9"},"headline":"Plaza Carnot: un testigo de la historia de Lyon que merece la pena visitar","datePublished":"2025-03-06T10:39:56+00:00","dateModified":"2026-04-17T13:43:44+00:00","mainEntityOfPage":{"@id":"https:\/\/www.hotel-simplon-lyon.com\/es\/barrio-lyon-perrache\/plaza-carnot-un-testigo-de-la-historia-de-lyon-que-merece-la-pena-visitar\/"},"wordCount":666,"commentCount":0,"publisher":{"@id":"https:\/\/www.hotel-simplon-lyon.com\/es\/#organization"},"image":{"@id":"https:\/\/www.hotel-simplon-lyon.com\/es\/barrio-lyon-perrache\/plaza-carnot-un-testigo-de-la-historia-de-lyon-que-merece-la-pena-visitar\/#primaryimage"},"thumbnailUrl":"https:\/\/www.hotel-simplon-lyon.com\/wp-content\/uploads\/sites\/6\/2025\/03\/Evalqt_1806.jpg","articleSection":["Visita cultural"],"inLanguage":"es","potentialAction":[{"@type":"CommentAction","name":"Comment","target":["https:\/\/www.hotel-simplon-lyon.com\/es\/barrio-lyon-perrache\/plaza-carnot-un-testigo-de-la-historia-de-lyon-que-merece-la-pena-visitar\/#respond"]}]},{"@type":"WebPage","@id":"https:\/\/www.hotel-simplon-lyon.com\/es\/barrio-lyon-perrache\/plaza-carnot-un-testigo-de-la-historia-de-lyon-que-merece-la-pena-visitar\/","url":"https:\/\/www.hotel-simplon-lyon.com\/es\/barrio-lyon-perrache\/plaza-carnot-un-testigo-de-la-historia-de-lyon-que-merece-la-pena-visitar\/","name":"Plaza Carnot: un testigo de la historia de Lyon que merece la pena visitar - Le Simplon","isPartOf":{"@id":"https:\/\/www.hotel-simplon-lyon.com\/es\/#website"},"primaryImageOfPage":{"@id":"https:\/\/www.hotel-simplon-lyon.com\/es\/barrio-lyon-perrache\/plaza-carnot-un-testigo-de-la-historia-de-lyon-que-merece-la-pena-visitar\/#primaryimage"},"image":{"@id":"https:\/\/www.hotel-simplon-lyon.com\/es\/barrio-lyon-perrache\/plaza-carnot-un-testigo-de-la-historia-de-lyon-que-merece-la-pena-visitar\/#primaryimage"},"thumbnailUrl":"https:\/\/www.hotel-simplon-lyon.com\/wp-content\/uploads\/sites\/6\/2025\/03\/Evalqt_1806.jpg","datePublished":"2025-03-06T10:39:56+00:00","dateModified":"2026-04-17T13:43:44+00:00","description":"Hotel Simplon - Plaza Carnot: un testigo de la historia de Lyon que merece la pena visitar . A dos pasos de Perrache, la plaza Carnot destila la dulzura de Lyon. Mercados, terrazas, pl\u00e1tanos centenarios... Es un lugar en el que a la gente le gusta entretenerse tomando un caf\u00e9 o un brioche de pralin\u00e9. Es un lugar que invita a tomarse un respiro, un rinconcito del distrito donde la ciudad se ralentiza lo justo.","breadcrumb":{"@id":"https:\/\/www.hotel-simplon-lyon.com\/es\/barrio-lyon-perrache\/plaza-carnot-un-testigo-de-la-historia-de-lyon-que-merece-la-pena-visitar\/#breadcrumb"},"inLanguage":"es","potentialAction":[{"@type":"ReadAction","target":["https:\/\/www.hotel-simplon-lyon.com\/es\/barrio-lyon-perrache\/plaza-carnot-un-testigo-de-la-historia-de-lyon-que-merece-la-pena-visitar\/"]}]},{"@type":"ImageObject","inLanguage":"es","@id":"https:\/\/www.hotel-simplon-lyon.com\/es\/barrio-lyon-perrache\/plaza-carnot-un-testigo-de-la-historia-de-lyon-que-merece-la-pena-visitar\/#primaryimage","url":"https:\/\/www.hotel-simplon-lyon.com\/wp-content\/uploads\/sites\/6\/2025\/03\/Evalqt_1806.jpg","contentUrl":"https:\/\/www.hotel-simplon-lyon.com\/wp-content\/uploads\/sites\/6\/2025\/03\/Evalqt_1806.jpg","width":1365,"height":2048,"caption":"Evalqt 1806"},{"@type":"BreadcrumbList","@id":"https:\/\/www.hotel-simplon-lyon.com\/es\/barrio-lyon-perrache\/plaza-carnot-un-testigo-de-la-historia-de-lyon-que-merece-la-pena-visitar\/#breadcrumb","itemListElement":[{"@type":"ListItem","position":1,"name":"Accueil","item":"https:\/\/www.hotel-simplon-lyon.com\/es\/inicio\/"},{"@type":"ListItem","position":2,"name":"Visita cultural","item":"https:\/\/www.hotel-simplon-lyon.com\/es\/le-quartier-lyon-perrache\/visitas-culturales\/"},{"@type":"ListItem","position":3,"name":"Plaza Carnot: un testigo de la historia de Lyon que merece la pena visitar"}]},{"@type":"WebSite","@id":"https:\/\/www.hotel-simplon-lyon.com\/es\/#website","url":"https:\/\/www.hotel-simplon-lyon.com\/es\/","name":"Globe Cecil","description":"","publisher":{"@id":"https:\/\/www.hotel-simplon-lyon.com\/es\/#organization"},"potentialAction":[{"@type":"SearchAction","target":{"@type":"EntryPoint","urlTemplate":"https:\/\/www.hotel-simplon-lyon.com\/es\/?s={search_term_string}"},"query-input":{"@type":"PropertyValueSpecification","valueRequired":true,"valueName":"search_term_string"}}],"inLanguage":"es"},{"@type":"Organization","@id":"https:\/\/www.hotel-simplon-lyon.com\/es\/#organization","name":"Globe Cecil","url":"https:\/\/www.hotel-simplon-lyon.com\/es\/","logo":{"@type":"ImageObject","inLanguage":"es","@id":"https:\/\/www.hotel-simplon-lyon.com\/es\/#\/schema\/logo\/image\/","url":"https:\/\/www.hotel-simplon-lyon.com\/wp-content\/uploads\/sites\/6\/2025\/05\/LOGO-Simplon-White.svg","contentUrl":"https:\/\/www.hotel-simplon-lyon.com\/wp-content\/uploads\/sites\/6\/2025\/05\/LOGO-Simplon-White.svg","width":409,"height":52,"caption":"Globe Cecil"},"image":{"@id":"https:\/\/www.hotel-simplon-lyon.com\/es\/#\/schema\/logo\/image\/"}},{"@type":"Person","@id":"https:\/\/www.hotel-simplon-lyon.com\/es\/#\/schema\/person\/b3c9e279ff8ec8845926b6b9f54fbdb9","name":"flachize","image":{"@type":"ImageObject","inLanguage":"es","@id":"https:\/\/secure.gravatar.com\/avatar\/24f0361cf67c21d4fae1db71b0897ec099d5f1fe2ef60420e3cd59b175a66e40?s=96&d=mm&r=g","url":"https:\/\/secure.gravatar.com\/avatar\/24f0361cf67c21d4fae1db71b0897ec099d5f1fe2ef60420e3cd59b175a66e40?s=96&d=mm&r=g","contentUrl":"https:\/\/secure.gravatar.com\/avatar\/24f0361cf67c21d4fae1db71b0897ec099d5f1fe2ef60420e3cd59b175a66e40?s=96&d=mm&r=g","caption":"flachize"},"url":"https:\/\/www.hotel-simplon-lyon.com\/es\/author\/flachize\/"}]}},"_links":{"self":[{"href":"https:\/\/www.hotel-simplon-lyon.com\/es\/wp-json\/wp\/v2\/posts\/6891","targetHints":{"allow":["GET"]}}],"collection":[{"href":"https:\/\/www.hotel-simplon-lyon.com\/es\/wp-json\/wp\/v2\/posts"}],"about":[{"href":"https:\/\/www.hotel-simplon-lyon.com\/es\/wp-json\/wp\/v2\/types\/post"}],"author":[{"embeddable":true,"href":"https:\/\/www.hotel-simplon-lyon.com\/es\/wp-json\/wp\/v2\/users\/2"}],"replies":[{"embeddable":true,"href":"https:\/\/www.hotel-simplon-lyon.com\/es\/wp-json\/wp\/v2\/comments?post=6891"}],"version-history":[{"count":5,"href":"https:\/\/www.hotel-simplon-lyon.com\/es\/wp-json\/wp\/v2\/posts\/6891\/revisions"}],"predecessor-version":[{"id":8420,"href":"https:\/\/www.hotel-simplon-lyon.com\/es\/wp-json\/wp\/v2\/posts\/6891\/revisions\/8420"}],"wp:featuredmedia":[{"embeddable":true,"href":"https:\/\/www.hotel-simplon-lyon.com\/es\/wp-json\/wp\/v2\/media\/4383"}],"wp:attachment":[{"href":"https:\/\/www.hotel-simplon-lyon.com\/es\/wp-json\/wp\/v2\/media?parent=6891"}],"wp:term":[{"taxonomy":"category","embeddable":true,"href":"https:\/\/www.hotel-simplon-lyon.com\/es\/wp-json\/wp\/v2\/categories?post=6891"},{"taxonomy":"post_tag","embeddable":true,"href":"https:\/\/www.hotel-simplon-lyon.com\/es\/wp-json\/wp\/v2\/tags?post=6891"}],"curies":[{"name":"wp","href":"https:\/\/api.w.org\/{rel}","templated":true}]}}